{"id":5241,"date":"2021-12-20T14:45:49","date_gmt":"2021-12-20T13:45:49","guid":{"rendered":"https:\/\/www.sfius.org\/?p=5241"},"modified":"2024-02-27T14:44:58","modified_gmt":"2024-02-27T13:44:58","slug":"perspektive-muzealizacije-nob-a-od-ekologije-do-turizma-nostalgije","status":"publish","type":"post","link":"https:\/\/www.sfius.org\/en\/perspektive-muzealizacije-nob-a-od-ekologije-do-turizma-nostalgije\/","title":{"rendered":"Views on musealization of the National Liberation War: from ecology to nostalgia tourism"},"content":{"rendered":"<p>U srijedu 22.12.2021., u 16:30 sati, na <a rel=\"noreferrer noopener\" style=\"user-select: auto;\" href=\"https:\/\/zoom.us\/j\/96569952394\" target=\"_blank\">Zoom platformi<\/a> se odr\u017eala online tribina na temu muzealizacije Narodnooslobodila\u010dke borbe.<\/p>\n\n\n\n<p>Na koji na\u010din i u kojoj mjeri muzealizacija Narodnooslobodila\u010dke borbe danas mo\u017ee biti generator didakti\u010dkih trendova ne samo u smislu kulturnog i historijskog obrazovanja, ve\u0107 i obrazovanja u \u0161irem kriti\u010dkom i anga\u017eiranom odmaku od revizionisti\u010dkih dru\u0161tveno-politi\u010dkih i kulturno-umjetni\u010dkih trendova?<\/p>\n\n\n\n<p>Na okruglom stolu susreli smo se s tri muzejske djelatnice koje \u0107e nam predstaviti svoj institucionalni kontekst i razmi\u0161ljanja o mogu\u0107nostima, va\u017enosti i perspektivama muzealizacije ostav\u0161tine Narodno oslobodila\u010dke borbe. <\/p>\n\n\n\n<p>Kao ekologija, NOB se pojavljuje dijelom povijesne geografije \u010ditavog podru\u010dja biv\u0161e Jugoslavije. Kao turisti\u010dki potencijal, spomeni\u010dka ba\u0161tina, predmeti i svjedo\u010danstva o doga\u0111ajima vezanima uz NOB predstavljaju izvor koji se mo\u017ee promotriti i iz perspektive modernih pokreta rekreacijskog i turizma nostalgije &#8211; pandana memorijalnom turizmu u biv\u0161oj Jugoslaviji &#8211; te virtualnih i interaktivnih digitalnih aplikacija i dru\u0161tvenih medija kao obilaznog puta kojim ostav\u0161tina NOB-a mo\u017ee ponovo u\u0107i u kolektivnu memoriju suvremenog dru\u0161tva. Prema tom se cilju kre\u0107emo posredstvom promi\u0161ljenih praksi muzejskih stru\u010dnjaka \u010diji svakodnevni rad predstavlja va\u017ean izvor za promi\u0161ljanje uloge muzejskih institucija u o\u010duvanju ba\u0161tine NOB-a. Dapa\u010de, upravo je i povijest muzealizacije NOB-a dio povijesti muzejske djelatnosti u regiji, jer mnogi gradski i zavi\u010dajni muzeji nastaju upravo kroz ustrojavanje tzv. muzeja narodne revolucije, NOB-a, doga\u0111aja vezanih za NOB i sl.<\/p>\n\n\n\n<p><br>Cilj je tribine potaknuti \u0161iru umjetni\u010dku, kustosku, kulturnu i akademsku zajednicu na promi\u0161ljanje kustoskih pristupa, historizacije i memorijalizacije zbirki iz vremena NOB-a.<\/p>\n\n\n\n<div style=\"height:24px\" aria-hidden=\"true\" class=\"wp-block-spacer\"><\/div>\n\n\n\n<figure class=\"wp-block-embed is-type-rich is-provider-embed-handler wp-block-embed-embed-handler\"><div class=\"wp-block-embed__wrapper\">\n<span class=\"image-placeholder video\" style=\"padding-bottom:56.25000000%\"><video controls class=\"video-js-el vjs-default-skin vjs-minimal-skin\" width=\"560\" height=\"315\" data-vsetup=\"{&quot;techOrder&quot;:[&quot;youtube&quot;],&quot;sources&quot;:[{&quot;type&quot;:&quot;video\\\/youtube&quot;,&quot;src&quot;:&quot;https:\\\/\\\/youtube.com\\\/watch?v=4csRlLJ2uW0&quot;}],&quot;youtube&quot;:{&quot;iv_load_policy&quot;:1,&quot;ytControls&quot;:3,&quot;customVars&quot;:{&quot;wmode&quot;:&quot;transparent&quot;,&quot;controls&quot;:0},&quot;enablePrivacyEnhancedMode&quot;:&quot;true&quot;}}\" preload=\"auto\" playsinline=\"playsinline\"><\/video><\/span>\n<\/div><\/figure>\n\n\n\n<div style=\"height:25px\" aria-hidden=\"true\" class=\"wp-block-spacer\"><\/div>\n\n\n\n<h5 class=\"wp-block-heading\">Sudionici tribine:<\/h5>\n\n\n\n<p class=\"has-text-color\" style=\"color:#b70a4c\">Dr. Aleksandra Berberih-Slana<\/p>\n\n\n\n<p><em>D<\/em><em style=\"user-select: auto;\">irektorica Muzeja narodnog oslobo\u0111enja Maribor, predsjednica Slovenske muzejske zajednica, \u010dlanica upravnog odbora NEMO \u2013 Network of European Museum Organisations.<\/em><\/p>\n\n\n\n<p><\/p>\n\n\n\n<p class=\"has-text-color\" style=\"color:#b70a4c\">Jasmina Uroda Kutli\u0107<\/p>\n\n\n\n<p><em style=\"user-select: auto;\">Ravnateljica Muzeja Moslavine u Kutini i vi\u0161a kustosica na kulturno-povijesnom odjelu muzeja.<\/em><\/p>\n\n\n\n<p class=\"has-text-color\" style=\"color:#b70a4c\">Sanda Ko\u010devar<\/p>\n\n\n\n<p><em style=\"user-select: auto;\"> Muzejska savjetnica Povijesnog odjela Muzeja grada Karlovca koji je nastao na temeljima Odjela za radni\u010dki pokret, NOB i socijalisti\u010dku izgradnju osnovanog 1964. godine, a Zbirka NOB-a i socijalisti\u010dke izgradnje je danas samo jedna od zbirki Odjela<\/em>.<\/p>\n\n\n\n<div style=\"height:16px\" aria-hidden=\"true\" class=\"wp-block-spacer\"><\/div>\n\n\n\n<h5 class=\"wp-block-heading\">Moderator: <\/h5>\n\n\n\n<p class=\"has-text-color\" style=\"color:#b70a4c\">Dario Vuger<\/p>\n\n\n\n<p><em>D<\/em><em style=\"user-select: auto;\">oktorand na Odsjeku za filozofiju Filozofskog fakulteta u Ljubljani, diplomirani muzeolog i povjesni\u010dar umjetnosti<\/em>.<\/p>\n\n\n\n<div style=\"height:35px\" aria-hidden=\"true\" class=\"wp-block-spacer\"><\/div>\n\n\n\n<p>Tribina se odr\u017eala u sklopu programa \u201cPri\u010de s ruba 2021.\u201d, udruge SF:ius, koji financijski podr\u017eava <a rel=\"noreferrer noopener\" style=\"user-select: auto;\" href=\"https:\/\/kulturanova.hr\/\" target=\"_blank\">Zaklada Kultura nova<\/a>.<\/p>\n\n\n\n<p>***<\/p>\n\n\n\n<p>Fotografija preuzeta iz arhiva <a style=\"user-select: auto;\" href=\"http:\/\/richter.mdc.hr\/hr\/o-zbirci\/\">Zbirke Richter.<\/a><\/p>\n\n\n\n<div style=\"height:35px\" aria-hidden=\"true\" class=\"wp-block-spacer\"><\/div>","protected":false},"excerpt":{"rendered":"<p>In what way and to what extent can the musealization of the National Liberation War today be a generator of didactic trends, not only in terms of cultural and historical education but also education in a broader critical and engaging departure from revisionist socio-political and cultural-artistic trends?<\/p>","protected":false},"author":1,"featured_media":5247,"comment_status":"open","ping_status":"open","sticky":false,"template":"","format":"standard","meta":{"_acf_changed":false,"footnotes":""},"categories":[1],"tags":[175,170,172,169,173,171,174],"class_list":["post-5241","post","type-post","status-publish","format-standard","has-post-thumbnail","hentry","category-razno","tag-bastina","tag-muzealizacija","tag-narodnooslobodilacka-borba","tag-nob","tag-tribina","tag-turizam-nostalgije","tag-zavicajni-muzej"],"acf":[],"_links":{"self":[{"href":"https:\/\/www.sfius.org\/en\/wp-json\/wp\/v2\/posts\/5241","targetHints":{"allow":["GET"]}}],"collection":[{"href":"https:\/\/www.sfius.org\/en\/wp-json\/wp\/v2\/posts"}],"about":[{"href":"https:\/\/www.sfius.org\/en\/wp-json\/wp\/v2\/types\/post"}],"author":[{"embeddable":true,"href":"https:\/\/www.sfius.org\/en\/wp-json\/wp\/v2\/users\/1"}],"replies":[{"embeddable":true,"href":"https:\/\/www.sfius.org\/en\/wp-json\/wp\/v2\/comments?post=5241"}],"version-history":[{"count":0,"href":"https:\/\/www.sfius.org\/en\/wp-json\/wp\/v2\/posts\/5241\/revisions"}],"wp:featuredmedia":[{"embeddable":true,"href":"https:\/\/www.sfius.org\/en\/wp-json\/wp\/v2\/media\/5247"}],"wp:attachment":[{"href":"https:\/\/www.sfius.org\/en\/wp-json\/wp\/v2\/media?parent=5241"}],"wp:term":[{"taxonomy":"category","embeddable":true,"href":"https:\/\/www.sfius.org\/en\/wp-json\/wp\/v2\/categories?post=5241"},{"taxonomy":"post_tag","embeddable":true,"href":"https:\/\/www.sfius.org\/en\/wp-json\/wp\/v2\/tags?post=5241"}],"curies":[{"name":"wp","href":"https:\/\/api.w.org\/{rel}","templated":true}]}}