{"id":5380,"date":"2022-06-07T16:23:06","date_gmt":"2022-06-07T14:23:06","guid":{"rendered":"https:\/\/www.sfius.org\/?p=5380"},"modified":"2022-06-07T16:42:08","modified_gmt":"2022-06-07T14:42:08","slug":"terensko-istrazivanje-seminar-o-spomenicima-nob-a-na-sirem-podrucju-karlovca","status":"publish","type":"post","link":"https:\/\/www.sfius.org\/en\/terensko-istrazivanje-seminar-o-spomenicima-nob-a-na-sirem-podrucju-karlovca\/","title":{"rendered":"Field research - seminar on NOB monuments in the wider area of \u200b\u200bKarlovac"},"content":{"rendered":"<p>4.6.2022. odr\u017eano je terensko istra\u017eivanje \u2013 seminar o spomenicima NOB-a na \u0161irem podru\u010dju Karlovca \u2013 u sklopu projekata regionalne platforme <a rel=\"noreferrer noopener\" href=\"https:\/\/inappropriatemonuments.org\/en\/\" data-type=\"URL\" data-id=\"https:\/\/inappropriatemonuments.org\/en\/\" target=\"_blank\">Inappropriate Monuments<\/a> financiranog od strane <a rel=\"noreferrer noopener\" href=\"https:\/\/kulturanova.hr\/\" data-type=\"URL\" data-id=\"https:\/\/kulturanova.hr\/\" target=\"_blank\">Zaklade Kultura Nova. <\/a><\/p>\n\n\n\n<p>Istra\u017eivanje usmjereno na studente etnologije i kulturne antropologije organizirano je u suradnji s profesoricom Nevenom \u0160krbi\u0107 Alempijevi\u0107 i asistenticom Ivom Grubi\u0161om s Filozofskog fakulteta u Zagrebu te asistentom Tomislavom Augustin\u010di\u0107em sa Sveu\u010dili\u0161ta u Zadru koji mentoriraju studentski<br>rad na terenu.<\/p>\n\n\n\n<p>Sami studenti upoznali su se s projektom kroz kolegij Antropologija dru\u0161tvenog sje\u0107anja, a kroz terensko istra\u017eivanje upoznali su se s kontekstom i situacijom u okolnim karlova\u010dkim mjestima, Tu\u0161ilovi\u0107u, Vukmani\u0107u i Cerovcu; obi\u0161li su lokalitete na kojima su nekada stajala ili jo\u0161 uvijek stoje memorijalna obilje\u017eja Narodno- oslobodila\u010dke borbe te vodili razgovore s kaziva\u010dima. <\/p>\n\n\n\n<p>Posebno zanimljiv bio je posjet rodnoj ku\u0107i Ivana Ribara u mjestu Vukmani\u0107 gdje se danas \u2013 na sredi\u0161njoj lokaciji u mjestu \u2013 nalazi trg Franje Tu\u0111mana s bistom, dok sama ku\u0107a ima jedinu preostalu funkciju kao priru\u010dne \u010duvaonice Muzeja grada Karlovca. <\/p>\n\n\n\n<p>Seminarsko se istra\u017eivanje na terenu nastavlja kasnije u lipnju, a produkcija i prezentacija rezultata planira se u jesenskoj sezoni ove godine. <\/p>\n\n\n\n<p>Iz SF:iusovog tima seminar je pratio Dario Vuger uz suradnike na projektu, snimatelje Bojana Mr\u0111enovi\u0107a i Ivora Glava\u0161a.<\/p>","protected":false},"excerpt":{"rendered":"<p>Field research on NOB monuments in the broader area of \u200b\u200bKarlovac was held as part of the regional platform Inappropriate Monuments. Research aimed at students of ethnology and cultural anthropology was organized in collaboration with professor Nevena \u0160krbi\u0107 Alempijevi\u0107 and assistant Iva Grubi\u0161a from the Faculty of Philosophy in Zagreb and...<\/p>","protected":false},"author":1,"featured_media":5382,"comment_status":"open","ping_status":"open","sticky":false,"template":"","format":"gallery","meta":{"_acf_changed":false,"footnotes":""},"categories":[160],"tags":[191,192,188,190,193,185,186,189,169,177,187],"class_list":["post-5380","post","type-post","status-publish","format-gallery","has-post-thumbnail","hentry","category-istrazivanja","tag-antropologija-drustvenog-sjecanja","tag-bojan-mrdenovic","tag-dario-vuger","tag-iva-grubisa","tag-ivor-glavas","tag-karlovac","tag-neprimjereni-spomenici","tag-nevena-skrbic-alempijevic","tag-nob","tag-sfius","tag-tomislav-augustincic","post_format-post-format-gallery"],"acf":[],"_links":{"self":[{"href":"https:\/\/www.sfius.org\/en\/wp-json\/wp\/v2\/posts\/5380","targetHints":{"allow":["GET"]}}],"collection":[{"href":"https:\/\/www.sfius.org\/en\/wp-json\/wp\/v2\/posts"}],"about":[{"href":"https:\/\/www.sfius.org\/en\/wp-json\/wp\/v2\/types\/post"}],"author":[{"embeddable":true,"href":"https:\/\/www.sfius.org\/en\/wp-json\/wp\/v2\/users\/1"}],"replies":[{"embeddable":true,"href":"https:\/\/www.sfius.org\/en\/wp-json\/wp\/v2\/comments?post=5380"}],"version-history":[{"count":0,"href":"https:\/\/www.sfius.org\/en\/wp-json\/wp\/v2\/posts\/5380\/revisions"}],"wp:featuredmedia":[{"embeddable":true,"href":"https:\/\/www.sfius.org\/en\/wp-json\/wp\/v2\/media\/5382"}],"wp:attachment":[{"href":"https:\/\/www.sfius.org\/en\/wp-json\/wp\/v2\/media?parent=5380"}],"wp:term":[{"taxonomy":"category","embeddable":true,"href":"https:\/\/www.sfius.org\/en\/wp-json\/wp\/v2\/categories?post=5380"},{"taxonomy":"post_tag","embeddable":true,"href":"https:\/\/www.sfius.org\/en\/wp-json\/wp\/v2\/tags?post=5380"}],"curies":[{"name":"wp","href":"https:\/\/api.w.org\/{rel}","templated":true}]}}