{"id":7154,"date":"2025-11-09T12:26:57","date_gmt":"2025-11-09T11:26:57","guid":{"rendered":"https:\/\/www.sfius.org\/?p=7154"},"modified":"2025-12-09T12:37:21","modified_gmt":"2025-12-09T11:37:21","slug":"izvan-kolonija-unutar-imperija-juznoslavenski-akteri-u-imperijalnom-polju-moci","status":"publish","type":"post","link":"https:\/\/www.sfius.org\/en\/izvan-kolonija-unutar-imperija-juznoslavenski-akteri-u-imperijalnom-polju-moci\/","title":{"rendered":"Izvan kolonija, unutar imperija: ju\u017enoslavenski akteri u imperijalnom polju mo\u0107i"},"content":{"rendered":"<div style=\"height:42px\" aria-hidden=\"true\" class=\"wp-block-spacer\"><\/div>\n\n\n\n<p><strong>SFIUS i <a href=\"https:\/\/mgk.hr\/\">Muzeji grada Karlovca<\/a><\/strong>\u00a0pozivaju na predavanje\u00a0<strong>Tomislava Augustini\u0107a<\/strong>, karlova\u010dkog gimnazijalca i asistenta na\u00a0<strong>Odjelu za etnologiju i antropologiju Sveu\u010dili\u0161ta u Zadru<\/strong>, koje \u0107e se odr\u017eati\u00a0<strong>17. prosinca u 18:30 sati<\/strong>\u00a0u\u00a0<strong>Galeriji Vjekoslav Karas<\/strong>.<\/p>\n\n\n\n<p>Predavanje je dio programa&nbsp;<em>Pri\u010de s ruba 2025.<\/em>&nbsp;i donosi nove poglede na potisnutu imperijalnu povijest&nbsp;<strong>Austro-Ugarske<\/strong>&nbsp;u 19. i 20. stolje\u0107u, s posebnim osvrtom na djelovanje poznatih Karlov\u010dana poput&nbsp;<strong>bra\u0107e Seljan<\/strong>&nbsp;and&nbsp;<strong>Josipa \u0160a\u0161ela<\/strong>.<\/p>\n\n\n\n<div style=\"height:42px\" aria-hidden=\"true\" class=\"wp-block-spacer\"><\/div>\n\n\n\n<figure class=\"wp-block-image size-large\"><img loading=\"lazy\" decoding=\"async\" width=\"1024\" height=\"662\" src=\"https:\/\/www.sfius.org\/wp-content\/uploads\/2025\/12\/Predavanje-Augustincic_digitalna-pozivnica-1-1-1024x662.jpg\" alt=\"\" class=\"wp-image-7162\" srcset=\"https:\/\/www.sfius.org\/wp-content\/uploads\/2025\/12\/Predavanje-Augustincic_digitalna-pozivnica-1-1-1024x662.jpg 1024w, https:\/\/www.sfius.org\/wp-content\/uploads\/2025\/12\/Predavanje-Augustincic_digitalna-pozivnica-1-1-300x194.jpg 300w, https:\/\/www.sfius.org\/wp-content\/uploads\/2025\/12\/Predavanje-Augustincic_digitalna-pozivnica-1-1-768x496.jpg 768w, https:\/\/www.sfius.org\/wp-content\/uploads\/2025\/12\/Predavanje-Augustincic_digitalna-pozivnica-1-1-1536x993.jpg 1536w, https:\/\/www.sfius.org\/wp-content\/uploads\/2025\/12\/Predavanje-Augustincic_digitalna-pozivnica-1-1-18x12.jpg 18w, https:\/\/www.sfius.org\/wp-content\/uploads\/2025\/12\/Predavanje-Augustincic_digitalna-pozivnica-1-1-1612x1042.jpg 1612w, https:\/\/www.sfius.org\/wp-content\/uploads\/2025\/12\/Predavanje-Augustincic_digitalna-pozivnica-1-1-1116x721.jpg 1116w, https:\/\/www.sfius.org\/wp-content\/uploads\/2025\/12\/Predavanje-Augustincic_digitalna-pozivnica-1-1-806x521.jpg 806w, https:\/\/www.sfius.org\/wp-content\/uploads\/2025\/12\/Predavanje-Augustincic_digitalna-pozivnica-1-1-558x361.jpg 558w, https:\/\/www.sfius.org\/wp-content\/uploads\/2025\/12\/Predavanje-Augustincic_digitalna-pozivnica-1-1-655x423.jpg 655w, https:\/\/www.sfius.org\/wp-content\/uploads\/2025\/12\/Predavanje-Augustincic_digitalna-pozivnica-1-1.jpg 1640w\" sizes=\"auto, (max-width: 1024px) 100vw, 1024px\" \/><\/figure>\n\n\n\n<div style=\"height:42px\" aria-hidden=\"true\" class=\"wp-block-spacer\"><\/div>\n\n\n\n<p>Program\u00a0<em>Pri\u010de s ruba 2025.<\/em>\u00a0sufinanciran je sredstvima<strong> <a href=\"https:\/\/zagreb.hr\/kultura\/12\">Grada Zagreba<\/a><\/strong> and <a href=\"https:\/\/kulturanova.hr\/\">Zaklade Kultura Nova<\/a>.<\/p>\n\n\n\n<div style=\"height:42px\" aria-hidden=\"true\" class=\"wp-block-spacer\"><\/div>\n\n\n\n<p><\/p>","protected":false},"excerpt":{"rendered":"<p>SFIUS i Muzeji grada Karlovca\u00a0pozivaju na predavanje\u00a0Tomislava Augustini\u0107a, karlova\u010dkog gimnazijalca i asistenta na\u00a0Odjelu za etnologiju i antropologiju Sveu\u010dili\u0161ta u Zadru, koje \u0107e se odr\u017eati\u00a017. prosinca u 18:30 sati\u00a0u\u00a0Galeriji Vjekoslav Karas. Predavanje je dio programa&nbsp;Pri\u010de s ruba 2025.&nbsp;i donosi nove poglede na potisnutu imperijalnu povijest&nbsp;Austro-Ugarske&nbsp;u 19. i 20. stolje\u0107u, s posebnim osvrtom na djelovanje poznatih Karlov\u010dana&hellip;<\/p>","protected":false},"author":1,"featured_media":7158,"comment_status":"closed","ping_status":"open","sticky":false,"template":"","format":"standard","meta":{"_acf_changed":false,"footnotes":""},"categories":[160,159,157,1],"tags":[],"class_list":["post-7154","post","type-post","status-publish","format-standard","has-post-thumbnail","hentry","category-istrazivanja","category-mreze_partnerstva","category-radionice","category-razno"],"acf":[],"_links":{"self":[{"href":"https:\/\/www.sfius.org\/en\/wp-json\/wp\/v2\/posts\/7154","targetHints":{"allow":["GET"]}}],"collection":[{"href":"https:\/\/www.sfius.org\/en\/wp-json\/wp\/v2\/posts"}],"about":[{"href":"https:\/\/www.sfius.org\/en\/wp-json\/wp\/v2\/types\/post"}],"author":[{"embeddable":true,"href":"https:\/\/www.sfius.org\/en\/wp-json\/wp\/v2\/users\/1"}],"replies":[{"embeddable":true,"href":"https:\/\/www.sfius.org\/en\/wp-json\/wp\/v2\/comments?post=7154"}],"version-history":[{"count":6,"href":"https:\/\/www.sfius.org\/en\/wp-json\/wp\/v2\/posts\/7154\/revisions"}],"predecessor-version":[{"id":7167,"href":"https:\/\/www.sfius.org\/en\/wp-json\/wp\/v2\/posts\/7154\/revisions\/7167"}],"wp:featuredmedia":[{"embeddable":true,"href":"https:\/\/www.sfius.org\/en\/wp-json\/wp\/v2\/media\/7158"}],"wp:attachment":[{"href":"https:\/\/www.sfius.org\/en\/wp-json\/wp\/v2\/media?parent=7154"}],"wp:term":[{"taxonomy":"category","embeddable":true,"href":"https:\/\/www.sfius.org\/en\/wp-json\/wp\/v2\/categories?post=7154"},{"taxonomy":"post_tag","embeddable":true,"href":"https:\/\/www.sfius.org\/en\/wp-json\/wp\/v2\/tags?post=7154"}],"curies":[{"name":"wp","href":"https:\/\/api.w.org\/{rel}","templated":true}]}}